{"id":3914,"date":"2023-10-04T07:53:55","date_gmt":"2023-10-04T05:53:55","guid":{"rendered":"https:\/\/www.pge.pl\/?p=3914"},"modified":"2023-10-04T07:55:39","modified_gmt":"2023-10-04T05:55:39","slug":"port-gdanski-eksploatacja-na-pokladzie-promu-nova-star-rejs-z-gospodarka-morska","status":"publish","type":"post","link":"https:\/\/www.pge.pl\/en\/port-gdanski-eksploatacja-na-pokladzie-promu-nova-star-rejs-z-gospodarka-morska\/","title":{"rendered":"Port Gda\u0144ski Eksploatacja na pok\u0142adzie promu Nova Star &#8211; Rejs z Gospodark\u0105 Morsk\u0105"},"content":{"rendered":"<p style=\"text-align: center;\"><span class=\"break-words\"><span dir=\"ltr\">W ubieg\u0142ym tygodniu uczestniczyli\u015bmy w Konferencji na Morzu &#8211; Rejsie z <a href=\"https:\/\/www.linkedin.com\/company\/gospodarkamorska-pl\/\" data-attribute-index=\"2\" data-entity-type=\"MINI_COMPANY\" rel=\"nofollow noopener\" target=\"_blank\">GospodarkaMorska.pl<\/a><\/span><\/span><\/p>\n<p style=\"text-align: center;\">Podczas rejsu wzi\u0119li\u015bmy udzia\u0142 w 5 panelach o tematyce zwi\u0105zanej z transportem i przemys\u0142em morskim.<\/p>\n<p style=\"text-align: center;\">Obecno\u015b\u0107 przedstawicieli wielu firm z bran\u017cy morskiej stanowi\u0142a wspania\u0142\u0105 okazj\u0119 do rozm\u00f3w bran\u017cowych i wymiany cennych do\u015bwiadcze\u0144.<\/p>\n<p style=\"text-align: center;\"><img loading=\"lazy\" decoding=\"async\" class=\"wp-image-3915 aligncenter\" src=\"https:\/\/www.pge.pl\/wp-content\/uploads\/2023\/10\/IMG-20230927-WA0003-300x225.jpg\" alt=\"\" width=\"600\" height=\"450\" srcset=\"https:\/\/www.pge.pl\/wp-content\/uploads\/2023\/10\/IMG-20230927-WA0003-300x225.jpg 300w, https:\/\/www.pge.pl\/wp-content\/uploads\/2023\/10\/IMG-20230927-WA0003-768x576.jpg 768w, https:\/\/www.pge.pl\/wp-content\/uploads\/2023\/10\/IMG-20230927-WA0003-16x12.jpg 16w, https:\/\/www.pge.pl\/wp-content\/uploads\/2023\/10\/IMG-20230927-WA0003.jpg 1024w\" sizes=\"auto, (max-width: 600px) 100vw, 600px\" \/><\/p>\n<p><img loading=\"lazy\" decoding=\"async\" class=\"aligncenter wp-image-3916\" src=\"https:\/\/www.pge.pl\/wp-content\/uploads\/2023\/10\/IMG-20230926-WA0000-300x225.jpg\" alt=\"\" width=\"600\" height=\"450\" srcset=\"https:\/\/www.pge.pl\/wp-content\/uploads\/2023\/10\/IMG-20230926-WA0000-300x225.jpg 300w, https:\/\/www.pge.pl\/wp-content\/uploads\/2023\/10\/IMG-20230926-WA0000-768x576.jpg 768w, https:\/\/www.pge.pl\/wp-content\/uploads\/2023\/10\/IMG-20230926-WA0000-16x12.jpg 16w, https:\/\/www.pge.pl\/wp-content\/uploads\/2023\/10\/IMG-20230926-WA0000.jpg 1024w\" sizes=\"auto, (max-width: 600px) 100vw, 600px\" \/><\/p>\n<p><img loading=\"lazy\" decoding=\"async\" class=\"aligncenter wp-image-3925\" src=\"https:\/\/www.pge.pl\/wp-content\/uploads\/2023\/10\/IMG-20230927-WA0001-1-300x225.jpg\" alt=\"\" width=\"600\" height=\"450\" srcset=\"https:\/\/www.pge.pl\/wp-content\/uploads\/2023\/10\/IMG-20230927-WA0001-1-300x225.jpg 300w, https:\/\/www.pge.pl\/wp-content\/uploads\/2023\/10\/IMG-20230927-WA0001-1-768x576.jpg 768w, https:\/\/www.pge.pl\/wp-content\/uploads\/2023\/10\/IMG-20230927-WA0001-1-16x12.jpg 16w, https:\/\/www.pge.pl\/wp-content\/uploads\/2023\/10\/IMG-20230927-WA0001-1.jpg 1024w\" sizes=\"auto, (max-width: 600px) 100vw, 600px\" \/><\/p>\n<p><img loading=\"lazy\" decoding=\"async\" class=\"aligncenter wp-image-3919\" src=\"https:\/\/www.pge.pl\/wp-content\/uploads\/2023\/10\/IMG-20230927-WA0016-300x162.jpg\" alt=\"\" width=\"600\" height=\"323\" srcset=\"https:\/\/www.pge.pl\/wp-content\/uploads\/2023\/10\/IMG-20230927-WA0016-300x162.jpg 300w, https:\/\/www.pge.pl\/wp-content\/uploads\/2023\/10\/IMG-20230927-WA0016-768x414.jpg 768w, https:\/\/www.pge.pl\/wp-content\/uploads\/2023\/10\/IMG-20230927-WA0016-18x10.jpg 18w, https:\/\/www.pge.pl\/wp-content\/uploads\/2023\/10\/IMG-20230927-WA0016.jpg 1023w\" sizes=\"auto, (max-width: 600px) 100vw, 600px\" \/><\/p>","protected":false},"excerpt":{"rendered":"<p>W ubieg\u0142ym tygodniu uczestniczyli\u015bmy w Konferencji na Morzu &#8211; Rejsie z GospodarkaMorska.pl Podczas rejsu wzi\u0119li\u015bmy udzia\u0142 w 5 panelach o tematyce zwi\u0105zanej z transportem i przemys\u0142em morskim. Obecno\u015b\u0107 przedstawicieli wielu firm z bran\u017cy morskiej stanowi\u0142a wspania\u0142\u0105 okazj\u0119 do rozm\u00f3w bran\u017cowych i wymiany cennych do\u015bwiadcze\u0144.<\/p>","protected":false},"author":5,"featured_media":3916,"comment_status":"closed","ping_status":"closed","sticky":false,"template":"","format":"standard","meta":{"_kad_blocks_custom_css":"","_kad_blocks_head_custom_js":"","_kad_blocks_body_custom_js":"","_kad_blocks_footer_custom_js":"","_kad_post_transparent":"default","_kad_post_title":"default","_kad_post_layout":"default","_kad_post_sidebar_id":"","_kad_post_content_style":"default","_kad_post_vertical_padding":"default","_kad_post_feature":"","_kad_post_feature_position":"","_kad_post_header":false,"_kad_post_footer":false,"_kad_post_classname":"","footnotes":""},"categories":[1],"tags":[],"class_list":["post-3914","post","type-post","status-publish","format-standard","has-post-thumbnail","hentry","category-wydarzenia"],"taxonomy_info":{"category":[{"value":1,"label":"Wydarzenia"}]},"featured_image_src_large":["https:\/\/www.pge.pl\/wp-content\/uploads\/2023\/10\/IMG-20230926-WA0000.jpg",1024,768,false],"author_info":{"display_name":"Ryszard Twerd","author_link":"https:\/\/www.pge.pl\/en\/author\/ryszard\/"},"comment_info":0,"category_info":[{"term_id":1,"name":"Wydarzenia","slug":"wydarzenia","term_group":0,"term_taxonomy_id":1,"taxonomy":"category","description":"","parent":0,"count":29,"filter":"raw","cat_ID":1,"category_count":29,"category_description":"","cat_name":"Wydarzenia","category_nicename":"wydarzenia","category_parent":0}],"tag_info":false,"_links":{"self":[{"href":"https:\/\/www.pge.pl\/en\/wp-json\/wp\/v2\/posts\/3914","targetHints":{"allow":["GET"]}}],"collection":[{"href":"https:\/\/www.pge.pl\/en\/wp-json\/wp\/v2\/posts"}],"about":[{"href":"https:\/\/www.pge.pl\/en\/wp-json\/wp\/v2\/types\/post"}],"author":[{"embeddable":true,"href":"https:\/\/www.pge.pl\/en\/wp-json\/wp\/v2\/users\/5"}],"replies":[{"embeddable":true,"href":"https:\/\/www.pge.pl\/en\/wp-json\/wp\/v2\/comments?post=3914"}],"version-history":[{"count":7,"href":"https:\/\/www.pge.pl\/en\/wp-json\/wp\/v2\/posts\/3914\/revisions"}],"predecessor-version":[{"id":3927,"href":"https:\/\/www.pge.pl\/en\/wp-json\/wp\/v2\/posts\/3914\/revisions\/3927"}],"wp:featuredmedia":[{"embeddable":true,"href":"https:\/\/www.pge.pl\/en\/wp-json\/wp\/v2\/media\/3916"}],"wp:attachment":[{"href":"https:\/\/www.pge.pl\/en\/wp-json\/wp\/v2\/media?parent=3914"}],"wp:term":[{"taxonomy":"category","embeddable":true,"href":"https:\/\/www.pge.pl\/en\/wp-json\/wp\/v2\/categories?post=3914"},{"taxonomy":"post_tag","embeddable":true,"href":"https:\/\/www.pge.pl\/en\/wp-json\/wp\/v2\/tags?post=3914"}],"curies":[{"name":"wp","href":"https:\/\/api.w.org\/{rel}","templated":true}]}}