{"id":2681,"date":"2023-05-15T08:27:54","date_gmt":"2023-05-15T06:27:54","guid":{"rendered":"https:\/\/www.pge.pl\/?p=2681"},"modified":"2023-06-27T23:01:15","modified_gmt":"2023-06-27T21:01:15","slug":"pg-eksploatacja-na-targach-transport-logistic-2023-w-monachium","status":"publish","type":"post","link":"https:\/\/www.pge.pl\/en\/pg-eksploatacja-na-targach-transport-logistic-2023-w-monachium\/","title":{"rendered":"PG Eksploatacja at Transport Logistic 2023 Trade Fair in Munich."},"content":{"rendered":"<div align=\"justify\">\n<p>Firma PG Eksploatacja S.A. stawia na dynamiczny rozw\u00f3j i \u015bwiadome budowanie marki zar\u00f3wno w Polsce jak i za granic\u0105. Sta\u0142y wzrost jest mo\u017cliwy dzi\u0119ki konsekwentnie obranym kierunkom dzia\u0142ania. Z punktu widzenia biznesu kluczowe jest wzmacnianie relacji z dotychczasowymi kontrahentami, ale r\u00f3wnie\u017c poszukiwanie nowych mo\u017cliwo\u015bci wsp\u00f3\u0142pracy. St\u0105d decyzja o udziale w tegorocznych targach Transport Logistic 2023 w Monachium. Tegoroczne wydarzenie stanowi\u0142o doskona\u0142\u0105 platform\u0119 wymiany do\u015bwiadcze\u0144 i nawi\u0105zywania nowych kontakt\u00f3w biznesowych. Nie mog\u0142o tam zabrakn\u0105\u0107 przedstawicieli PG Eksploatacja S.A.<\/p>\n<p>Pod wsp\u00f3lnym has\u0142em: \u201ePorts of Poland\u201d zaprezentowali si\u0119 reprezentanci polskich port\u00f3w: Port Gda\u0144sk, Port Gdynia oraz Szczecin-\u015awinouj\u015bcie wraz ze sp\u00f3\u0142kami operatorskimi i kontrahentami. Odwiedzaj\u0105cy stoisko mieli okazj\u0119 zapozna\u0107 si\u0119 z ofert\u0105 handlow\u0105 port\u00f3w, jak r\u00f3wnie\u017c mo\u017cliwo\u015bciami technicznymi nabrze\u017cy i infrastruktury portowej. Podczas jednego z dni targowych odby\u0142o si\u0119 r\u00f3wnie\u017c wyj\u0105tkowe wydarzenie jakim by\u0142 Dzie\u0144 Polski, kt\u00f3ry by\u0142 doskona\u0142\u0105 okazj\u0105 do zaprezentowania potencja\u0142u polskiej gospodarki.<\/p>\n<p>-Nasz udzia\u0142 w tegorocznej edycji targ\u00f3w jest naturaln\u0105 konsekwencj\u0105 obserwowanego w ostatnich miesi\u0105cach dynamicznego rozwoju sp\u00f3\u0142ki. Naszym priorytetem jest dalsze inwestowanie w sprz\u0119t i tym samym zwi\u0119kszanie naszego potencja\u0142u prze\u0142adunkowego. Dzi\u0119ki takim wydarzeniom mamy okazj\u0119 zaprezentowa\u0107 nasz\u0105 ofert\u0119 firmom o mi\u0119dzynarodowym zasi\u0119gu \u2013 m\u00f3wi Pawe\u0142 Nowak, prezes PG Eksploatacja S.A.<\/p>\n<p>Targi w Monachium s\u0105 wiod\u0105cym wydarzeniem bran\u017cowym na \u015bwiecie, kt\u00f3re odwiedzaj\u0105 setki firm, spedytor\u00f3w, operator\u00f3w logistycznych, partner\u00f3w biznesowych, przedstawicieli medi\u00f3w i zwiedzaj\u0105cych zar\u00f3wno z Polski jak i z zagranicy. O znaczeniu targ\u00f3w Transport Logistic stanowi ich kompleksowa oferta oraz du\u017ca ilo\u015b\u0107 wystawc\u00f3w z ca\u0142ego \u015bwiata, prezentuj\u0105cych swoje us\u0142ugi logistyczne oraz powi\u0105zane kwestie z obszaru IT oraz e-biznesu.<\/p>\n<div id='gallery-1' class='gallery galleryid-2681 gallery-columns-2 gallery-size-large'><figure class='gallery-item'>\n\t\t\t<div class='gallery-icon landscape'>\n\t\t\t\t<a href='https:\/\/www.pge.pl\/wp-content\/uploads\/2023\/05\/Monachium3-1.jpg'><img loading=\"lazy\" decoding=\"async\" width=\"1024\" height=\"768\" src=\"https:\/\/www.pge.pl\/wp-content\/uploads\/2023\/05\/Monachium3-1.jpg\" class=\"attachment-large size-large\" alt=\"\" srcset=\"https:\/\/www.pge.pl\/wp-content\/uploads\/2023\/05\/Monachium3-1.jpg 1024w, https:\/\/www.pge.pl\/wp-content\/uploads\/2023\/05\/Monachium3-1-300x225.jpg 300w, https:\/\/www.pge.pl\/wp-content\/uploads\/2023\/05\/Monachium3-1-768x576.jpg 768w, https:\/\/www.pge.pl\/wp-content\/uploads\/2023\/05\/Monachium3-1-16x12.jpg 16w\" sizes=\"auto, (max-width: 1024px) 100vw, 1024px\" \/><\/a>\n\t\t\t<\/div><\/figure><figure class='gallery-item'>\n\t\t\t<div class='gallery-icon landscape'>\n\t\t\t\t<a href='https:\/\/www.pge.pl\/wp-content\/uploads\/2023\/05\/PG-Eksploatacja-na-targach-Transport-Logistic-g.jpeg'><img loading=\"lazy\" decoding=\"async\" width=\"1024\" height=\"768\" src=\"https:\/\/www.pge.pl\/wp-content\/uploads\/2023\/05\/PG-Eksploatacja-na-targach-Transport-Logistic-g-1024x768.jpeg\" class=\"attachment-large size-large\" alt=\"\" srcset=\"https:\/\/www.pge.pl\/wp-content\/uploads\/2023\/05\/PG-Eksploatacja-na-targach-Transport-Logistic-g-1024x768.jpeg 1024w, https:\/\/www.pge.pl\/wp-content\/uploads\/2023\/05\/PG-Eksploatacja-na-targach-Transport-Logistic-g-300x225.jpeg 300w, https:\/\/www.pge.pl\/wp-content\/uploads\/2023\/05\/PG-Eksploatacja-na-targach-Transport-Logistic-g-768x576.jpeg 768w, https:\/\/www.pge.pl\/wp-content\/uploads\/2023\/05\/PG-Eksploatacja-na-targach-Transport-Logistic-g-1536x1152.jpeg 1536w, https:\/\/www.pge.pl\/wp-content\/uploads\/2023\/05\/PG-Eksploatacja-na-targach-Transport-Logistic-g-16x12.jpeg 16w, https:\/\/www.pge.pl\/wp-content\/uploads\/2023\/05\/PG-Eksploatacja-na-targach-Transport-Logistic-g.jpeg 1600w\" sizes=\"auto, (max-width: 1024px) 100vw, 1024px\" \/><\/a>\n\t\t\t<\/div><\/figure><figure class='gallery-item'>\n\t\t\t<div class='gallery-icon portrait'>\n\t\t\t\t<a href='https:\/\/www.pge.pl\/wp-content\/uploads\/2023\/05\/PG-Eksploatacja-na-targach-Transport-Logistic-h.jpeg'><img loading=\"lazy\" decoding=\"async\" width=\"768\" height=\"1024\" src=\"https:\/\/www.pge.pl\/wp-content\/uploads\/2023\/05\/PG-Eksploatacja-na-targach-Transport-Logistic-h-768x1024.jpeg\" class=\"attachment-large size-large\" alt=\"\" srcset=\"https:\/\/www.pge.pl\/wp-content\/uploads\/2023\/05\/PG-Eksploatacja-na-targach-Transport-Logistic-h-768x1024.jpeg 768w, https:\/\/www.pge.pl\/wp-content\/uploads\/2023\/05\/PG-Eksploatacja-na-targach-Transport-Logistic-h-225x300.jpeg 225w, https:\/\/www.pge.pl\/wp-content\/uploads\/2023\/05\/PG-Eksploatacja-na-targach-Transport-Logistic-h-9x12.jpeg 9w, https:\/\/www.pge.pl\/wp-content\/uploads\/2023\/05\/PG-Eksploatacja-na-targach-Transport-Logistic-h.jpeg 1024w\" sizes=\"auto, (max-width: 768px) 100vw, 768px\" \/><\/a>\n\t\t\t<\/div><\/figure><figure class='gallery-item'>\n\t\t\t<div class='gallery-icon portrait'>\n\t\t\t\t<a href='https:\/\/www.pge.pl\/wp-content\/uploads\/2023\/05\/PG-Eksploatacja-na-targach-Transport-Logistic-f.jpeg'><img loading=\"lazy\" decoding=\"async\" width=\"768\" height=\"1024\" src=\"https:\/\/www.pge.pl\/wp-content\/uploads\/2023\/05\/PG-Eksploatacja-na-targach-Transport-Logistic-f-768x1024.jpeg\" class=\"attachment-large size-large\" alt=\"\" srcset=\"https:\/\/www.pge.pl\/wp-content\/uploads\/2023\/05\/PG-Eksploatacja-na-targach-Transport-Logistic-f-768x1024.jpeg 768w, https:\/\/www.pge.pl\/wp-content\/uploads\/2023\/05\/PG-Eksploatacja-na-targach-Transport-Logistic-f-225x300.jpeg 225w, https:\/\/www.pge.pl\/wp-content\/uploads\/2023\/05\/PG-Eksploatacja-na-targach-Transport-Logistic-f-9x12.jpeg 9w, https:\/\/www.pge.pl\/wp-content\/uploads\/2023\/05\/PG-Eksploatacja-na-targach-Transport-Logistic-f.jpeg 1024w\" sizes=\"auto, (max-width: 768px) 100vw, 768px\" \/><\/a>\n\t\t\t<\/div><\/figure><figure class='gallery-item'>\n\t\t\t<div class='gallery-icon portrait'>\n\t\t\t\t<a href='https:\/\/www.pge.pl\/wp-content\/uploads\/2023\/05\/PG-Eksploatacja-na-targach-Transport-Logistic-e.jpeg'><img loading=\"lazy\" decoding=\"async\" width=\"768\" height=\"1024\" src=\"https:\/\/www.pge.pl\/wp-content\/uploads\/2023\/05\/PG-Eksploatacja-na-targach-Transport-Logistic-e-768x1024.jpeg\" class=\"attachment-large size-large\" alt=\"\" srcset=\"https:\/\/www.pge.pl\/wp-content\/uploads\/2023\/05\/PG-Eksploatacja-na-targach-Transport-Logistic-e-768x1024.jpeg 768w, https:\/\/www.pge.pl\/wp-content\/uploads\/2023\/05\/PG-Eksploatacja-na-targach-Transport-Logistic-e-225x300.jpeg 225w, https:\/\/www.pge.pl\/wp-content\/uploads\/2023\/05\/PG-Eksploatacja-na-targach-Transport-Logistic-e-9x12.jpeg 9w, https:\/\/www.pge.pl\/wp-content\/uploads\/2023\/05\/PG-Eksploatacja-na-targach-Transport-Logistic-e.jpeg 1024w\" sizes=\"auto, (max-width: 768px) 100vw, 768px\" \/><\/a>\n\t\t\t<\/div><\/figure><figure class='gallery-item'>\n\t\t\t<div class='gallery-icon portrait'>\n\t\t\t\t<a href='https:\/\/www.pge.pl\/wp-content\/uploads\/2023\/05\/PG-Eksploatacja-na-targach-Transport-Logistic-w.jpeg'><img loading=\"lazy\" decoding=\"async\" width=\"768\" height=\"1024\" src=\"https:\/\/www.pge.pl\/wp-content\/uploads\/2023\/05\/PG-Eksploatacja-na-targach-Transport-Logistic-w-768x1024.jpeg\" class=\"attachment-large size-large\" alt=\"\" srcset=\"https:\/\/www.pge.pl\/wp-content\/uploads\/2023\/05\/PG-Eksploatacja-na-targach-Transport-Logistic-w-768x1024.jpeg 768w, https:\/\/www.pge.pl\/wp-content\/uploads\/2023\/05\/PG-Eksploatacja-na-targach-Transport-Logistic-w-225x300.jpeg 225w, https:\/\/www.pge.pl\/wp-content\/uploads\/2023\/05\/PG-Eksploatacja-na-targach-Transport-Logistic-w-9x12.jpeg 9w, https:\/\/www.pge.pl\/wp-content\/uploads\/2023\/05\/PG-Eksploatacja-na-targach-Transport-Logistic-w.jpeg 1024w\" sizes=\"auto, (max-width: 768px) 100vw, 768px\" \/><\/a>\n\t\t\t<\/div><\/figure>\n\t\t<\/div>\n\n<\/div>","protected":false},"excerpt":{"rendered":"<p>Firma PG Eksploatacja S.A. stawia na dynamiczny rozw\u00f3j i \u015bwiadome budowanie marki zar\u00f3wno w Polsce jak i za granic\u0105. Sta\u0142y wzrost jest mo\u017cliwy dzi\u0119ki konsekwentnie obranym kierunkom dzia\u0142ania. Z punktu widzenia biznesu kluczowe jest wzmacnianie relacji z dotychczasowymi kontrahentami, ale r\u00f3wnie\u017c poszukiwanie nowych mo\u017cliwo\u015bci wsp\u00f3\u0142pracy. St\u0105d decyzja o udziale w tegorocznych targach Transport Logistic 2023&#8230;<\/p>","protected":false},"author":1,"featured_media":3189,"comment_status":"closed","ping_status":"closed","sticky":false,"template":"","format":"standard","meta":{"_kad_blocks_custom_css":"","_kad_blocks_head_custom_js":"","_kad_blocks_body_custom_js":"","_kad_blocks_footer_custom_js":"","_kad_post_transparent":"default","_kad_post_title":"default","_kad_post_layout":"default","_kad_post_sidebar_id":"","_kad_post_content_style":"default","_kad_post_vertical_padding":"default","_kad_post_feature":"","_kad_post_feature_position":"","_kad_post_header":false,"_kad_post_footer":false,"_kad_post_classname":"","footnotes":""},"categories":[1],"tags":[],"class_list":["post-2681","post","type-post","status-publish","format-standard","has-post-thumbnail","hentry","category-wydarzenia"],"taxonomy_info":{"category":[{"value":1,"label":"Wydarzenia"}]},"featured_image_src_large":["https:\/\/www.pge.pl\/wp-content\/uploads\/2023\/05\/Monachium3-1.jpg",1024,768,false],"author_info":{"display_name":"michal","author_link":"https:\/\/www.pge.pl\/en\/author\/michal\/"},"comment_info":0,"category_info":[{"term_id":1,"name":"Wydarzenia","slug":"wydarzenia","term_group":0,"term_taxonomy_id":1,"taxonomy":"category","description":"","parent":0,"count":29,"filter":"raw","cat_ID":1,"category_count":29,"category_description":"","cat_name":"Wydarzenia","category_nicename":"wydarzenia","category_parent":0}],"tag_info":false,"_links":{"self":[{"href":"https:\/\/www.pge.pl\/en\/wp-json\/wp\/v2\/posts\/2681","targetHints":{"allow":["GET"]}}],"collection":[{"href":"https:\/\/www.pge.pl\/en\/wp-json\/wp\/v2\/posts"}],"about":[{"href":"https:\/\/www.pge.pl\/en\/wp-json\/wp\/v2\/types\/post"}],"author":[{"embeddable":true,"href":"https:\/\/www.pge.pl\/en\/wp-json\/wp\/v2\/users\/1"}],"replies":[{"embeddable":true,"href":"https:\/\/www.pge.pl\/en\/wp-json\/wp\/v2\/comments?post=2681"}],"version-history":[{"count":0,"href":"https:\/\/www.pge.pl\/en\/wp-json\/wp\/v2\/posts\/2681\/revisions"}],"wp:featuredmedia":[{"embeddable":true,"href":"https:\/\/www.pge.pl\/en\/wp-json\/wp\/v2\/media\/3189"}],"wp:attachment":[{"href":"https:\/\/www.pge.pl\/en\/wp-json\/wp\/v2\/media?parent=2681"}],"wp:term":[{"taxonomy":"category","embeddable":true,"href":"https:\/\/www.pge.pl\/en\/wp-json\/wp\/v2\/categories?post=2681"},{"taxonomy":"post_tag","embeddable":true,"href":"https:\/\/www.pge.pl\/en\/wp-json\/wp\/v2\/tags?post=2681"}],"curies":[{"name":"wp","href":"https:\/\/api.w.org\/{rel}","templated":true}]}}